{
  "version": "https://jsonfeed.org/version/1.1",
  "title": "mwc",
  "home_page_url": "https://evotec.pl/tags/mwc",
  "feed_url": "https://evotec.pl/tags/mwc/index.feed.json",
  "description": "Evotec Main Website",
  "items": [
    {
      "id": "https://evotec.pl/blog/nasza-wizyta-na-targach-mobile-world-congress-2013",
      "url": "https://evotec.pl/blog/nasza-wizyta-na-targach-mobile-world-congress-2013",
      "title": "Nasza wizyta na targach Mobile World Congress 2013",
      "summary": "Dzi\u0119ki jednemu z naszych Klient\u00F3w, kt\u00F3ry zaprosi\u0142 nas na targi Mobile World Congress 2013 (MWC 2013) odbywaj\u0105ce si\u0119 w Barcelonie mieli\u015Bmy okazj\u0119 pozna\u0107 wiele wspania\u0142ych ludzi, zobaczy\u0107 nowe, ciekawe produkty, i odwiedzi\u0107 wiele stoisk znanych firm. Poni\u017Cej mo\u017Cecie znale\u017A\u0107 fotograficzn\u0105 mini-relacj\u0119 z naszej wizyty.",
      "date_published": "2013-02-13T16:48:32.0000000Z",
      "tags": [
        "mobile world congress 2013",
        "mwc",
        "mwc 2013",
        "Wiadomo\u015Bci Firmowe"
      ]
    }
  ]
}